{"id":164,"date":"2024-09-20T12:59:06","date_gmt":"2024-09-20T09:59:06","guid":{"rendered":"http:\/\/www.kiekkoaktivisti.fi\/?p=164"},"modified":"2024-09-20T15:03:50","modified_gmt":"2024-09-20T12:03:50","slug":"hei-liiga-kausi-alkoi-huomasiko-kukaan","status":"publish","type":"post","link":"http:\/\/www.kiekkoaktivisti.fi\/index.php\/2024\/09\/20\/hei-liiga-kausi-alkoi-huomasiko-kukaan\/","title":{"rendered":"Hei, Liiga-kausi alkoi, huomasiko kukaan?"},"content":{"rendered":"\n<p>Tiistaina 10.9.2024 aamulla oman some-kuplani sis\u00e4ll\u00e4 jaettu kommentti her\u00e4tti Liigan avausp\u00e4iv\u00e4\u00e4n. Vapaasti lainaten: &#8221;Pelicansin liigapelit alkavat, miss\u00e4 ovat ennakkojutut? Ei omilla sivuilla, ei Youtube-kanavalla, ei Etlarissa, ei Radio Voimassa, ei miss\u00e4\u00e4n. Kaksi per\u00e4kk\u00e4ist\u00e4 finaalipaikkaa, eik\u00e4 riit\u00e4&#8221;.<\/p>\n\n\n\n<p>Jokseenkin todelta n\u00e4kemys kielt\u00e4m\u00e4tt\u00e4 tuntuu, vaikka on Pelicansin digialustoilla yritetty. On jossain jotain julkaistu. Viime viikkoina on l\u00e4mmitelty CHL-otteluilla, mutta Liigan avausottelu Jyv\u00e4skyl\u00e4ss\u00e4 tuli kuin varkain, ja tuntuu muuttuneen sellaiseksi viime vuosina.<\/p>\n\n\n\n<p>Ihan ensimm\u00e4isen\u00e4 voisi takertua siihen, oliko tiistai ihan oikea p\u00e4iv\u00e4 avata kausi. Ei yleis\u00f6\u00e4 silti saapunut viikkoa my\u00f6hemmin \u00c4ss\u00e4t-kotiotteluun Isku Areenalle kuin 2200 katsojaa, vaikka kotiavauksen ajankohta varmasti olisi pit\u00e4nyt olla jo tiedossa. Kenties osa valitsi Lukko-ottelun, joka on ohjelmassa jo 45 tuntia my\u00f6hemmin. Mutta ajatellaanpa yksityiskohtia pidemm\u00e4lle.<\/p>\n\n\n<blockquote class=\"aligncenter\">\nEi siis voida en\u00e4\u00e4 luottaa siihen, ett\u00e4 tietyt itsest\u00e4\u00e4nselvyydet markkinoivat edes Liigan avausta.\n<\/blockquote>\n\n\n<p>Ollaanko tultu urheilun mediamaisemassa sellaiseen tilanteeseen, ett\u00e4 edes j\u00e4\u00e4kiekon SM-liigan alku ei takaa varmaa n\u00e4kyvyytt\u00e4? Onhan aiemmin totuttu siihen, ett\u00e4 kun Liiga alkaa, niin kyll\u00e4 sitten muut lajit v\u00e4ist\u00e4v\u00e4t, tulee kiekkoliitett\u00e4 ja radioiltaa.<\/p>\n\n\n\n<p>Ajat muuttuvat. Mediakentt\u00e4 muuttuu. Lahdessakin on kahdeksan vuotta eletty aikaa, jossa se paikallinen mediatalo ei en\u00e4\u00e4 ole paikallisessa omistuksessa. Sen omistaa jyv\u00e4skyl\u00e4l\u00e4inen Keskisuomalainen, joka monilla paikkakunnilla nyky\u00e4\u00e4n omistaa maakuntalehden, kaupunkilehden ja paikallisradion.<\/p>\n\n\n\n<p>Omistuksen keskittyminen itsess\u00e4\u00e4n ei v\u00e4ltt\u00e4m\u00e4tt\u00e4 tarkoita alasajoa, mutta on urheilutoimitustenkin resursseja pienennetty siin\u00e4 miss\u00e4 muiden osioiden. Toimittajilla on v\u00e4hemm\u00e4n aikaa kirjoittaa juttuja, harvemmin mahdollisuuksia irrota juttukeikoille. Otteluraportit eiv\u00e4t en\u00e4\u00e4 painoaikataulujen takia ehdi aamun lehteen. Ja jos aiemmin paikallismediat saivat itse painottaa joitakin t\u00e4rkeit\u00e4 osa-alueita, kuten vaikkapa Lahdessa j\u00e4\u00e4kiekkoa, niin nyt linjaukset tulevat kauempaa ja pyrkiv\u00e4t yhdenmukaistamaan tuotteita samanlaisiksi kuin muualla konsernissa.<\/p>\n\n\n\n<p>Paikallinen omaleimaisuus siin\u00e4 voi k\u00e4rsi\u00e4. T\u00e4m\u00e4 perustuu omaan k\u00e4sitykseeni ja kokemukseeni.<\/p>\n\n\n\n<figure class=\"wp-block-image size-large\"><img loading=\"lazy\" decoding=\"async\" width=\"813\" height=\"1024\" src=\"http:\/\/www.kiekkoaktivisti.fi\/wp-content\/uploads\/2024\/09\/TurkoosiLiite-813x1024.jpg\" alt=\"\" class=\"wp-image-293\" srcset=\"http:\/\/www.kiekkoaktivisti.fi\/wp-content\/uploads\/2024\/09\/TurkoosiLiite-813x1024.jpg 813w, http:\/\/www.kiekkoaktivisti.fi\/wp-content\/uploads\/2024\/09\/TurkoosiLiite-238x300.jpg 238w, http:\/\/www.kiekkoaktivisti.fi\/wp-content\/uploads\/2024\/09\/TurkoosiLiite-768x968.jpg 768w, http:\/\/www.kiekkoaktivisti.fi\/wp-content\/uploads\/2024\/09\/TurkoosiLiite-1219x1536.jpg 1219w, http:\/\/www.kiekkoaktivisti.fi\/wp-content\/uploads\/2024\/09\/TurkoosiLiite-1625x2048.jpg 1625w, http:\/\/www.kiekkoaktivisti.fi\/wp-content\/uploads\/2024\/09\/TurkoosiLiite-152x192.jpg 152w, http:\/\/www.kiekkoaktivisti.fi\/wp-content\/uploads\/2024\/09\/TurkoosiLiite-scaled.jpg 2032w\" sizes=\"(max-width: 813px) 100vw, 813px\" \/><\/figure>\n\n\n\n<p><strong>Laita siihen vaikka labyrintti ja nettiosoite, lienee kiireess\u00e4 todettu kes\u00e4ll\u00e4 julkaistua Turkoosiliitett\u00e4 teht\u00e4ess\u00e4.<\/strong><\/p>\n\n\n\n<p>Media-ala kipuilee kannattavuutensa kanssa. Etel\u00e4-Suomen Sanomien <em>Kiekkosyksy<\/em> on ollut perinteinen kauden alun nostattaja, mutta t\u00e4llainenkin liite pit\u00e4\u00e4 saada kannattavaksi, jotta sellainen tehd\u00e4\u00e4n. Jonkinlaisena nyrkkis\u00e4\u00e4nt\u00f6n\u00e4 voi pit\u00e4\u00e4, ett\u00e4 12-sivuisessa liitteess\u00e4 pit\u00e4\u00e4 olla puolet mainoksia, tai sitten jonkun on rahoitettava julkaisua muuten. Nyt <em>Kiekkosyksy<\/em> j\u00e4i postilaatikkoon saapumatta kymmenille tuhansille p\u00e4ij\u00e4th\u00e4m\u00e4l\u00e4isille.<\/p>\n\n\n\n<p>Ei siis voida en\u00e4\u00e4 luottaa siihen, ett\u00e4 tietyt itsest\u00e4\u00e4nselvyydet markkinoivat edes Liigan avausta.<\/p>\n\n\n\n<p>Liigan ja seurojen kannalta t\u00e4m\u00e4 tarkoittaa ainakin sit\u00e4, ett\u00e4 on n\u00e4ht\u00e4v\u00e4 j\u00e4\u00e4kiekon somekuplan ulkopuolelle. Lahdessa hallille saapuvat aina ne tietyt 1 000-2 000 katsojaa. Meit\u00e4 kiekkokuplassa el\u00e4vi\u00e4 saattaa h\u00e4m\u00e4t\u00e4 se, ett\u00e4 kyll\u00e4h\u00e4n l\u00e4tk\u00e4st\u00e4 kirjoitetaan. On Jatkoaika.comia, erikoislehti\u00e4 ja erilaisia sivustoja. Mutta tavoittaako laji-intoilijoille tuutattu materiaali ne tuhannet muut paikalliset ihmiset, jotka eiv\u00e4t ole ihan niin sis\u00e4ll\u00e4 j\u00e4\u00e4kiekon piiriss\u00e4?<\/p>\n\n\n\n<p>Nyky\u00e4\u00e4n markkinoinnissa somep\u00f6hin\u00e4 n\u00e4hd\u00e4\u00e4n ratkaisuna kaikkeen. Kiekkokauden alun havainnot haastavat t\u00e4t\u00e4 luuloa. Ei se v\u00e4ltt\u00e4m\u00e4tt\u00e4 riit\u00e4, ett\u00e4 kiekkoseuran markkinointiin palkataan parikymppisi\u00e4 n\u00e4pyttelem\u00e4\u00e4n hashtageja viraaleiksi.<\/p>\n\n\n\n<p>Tavallaan saatetaan v\u00e4h\u00e4n veike\u00e4ll\u00e4 tavalla olla palaamassa sinne 10-15 vuoden taakse. Ehk\u00e4 Pelicansilta ja muilta seuroilta tarvitaankin taas levitt\u00e4ytymist\u00e4 kaduille, turuille ja toreille. Kun somet ja ruudut ovat jo t\u00e4ynn\u00e4, on n\u00e4kyvyytt\u00e4 ehk\u00e4 haettava jostain muualta ja perinteisemmist\u00e4 menetelmist\u00e4. Paperijakelua postiluukkuihin, kojuja ja tempauksia, jotta tavoitetaan l\u00f6yhemmin lajiin sitoutuneita massoja t\u00e4ytt\u00e4m\u00e4\u00e4n loput 2 000 paikkaa hallista. Ett\u00e4 seuran v\u00e4rit ja ihmiset n\u00e4kyisiv\u00e4t taas katukuvassa. In real life.<\/p>\n\n\n\n<p>No, onhan Pelicans julkaissut sit\u00e4 <em>Turkoosiliitett\u00e4<\/em>. Yksi niist\u00e4 ilmestyi viime kauden p\u00e4\u00e4tytty\u00e4, yksi keskell\u00e4 kes\u00e4\u00e4. Miksi ihmeess\u00e4 t\u00e4llaista seuran omaa liitett\u00e4 ei sitten julkaistu nyt kauden alkaessa her\u00e4ttelem\u00e4\u00e4n lipunmyynti\u00e4 ja ihmisi\u00e4 hallille?<\/p>\n\n\n\n<p>Mit\u00e4 tulee <em>Etel\u00e4-Suomen Sanomiin<\/em>, niin kulissien takaa tied\u00e4n Pelicansin aiemmissa yhteisty\u00f6neuvotteluissa mediatalon kanssa teutaroineen siihen malliin, etten yll\u00e4ttyisi, jos yhteisty\u00f6 joiltakin osin kapenee. Raha on tietenkin ollut yksi kiistan aihe, se nyt on tiukassa kaikkialla. Ehk\u00e4 Pelicans on tehnyt johtop\u00e4\u00e4t\u00f6ksen itse julkaista n\u00e4it\u00e4 sis\u00e4ll\u00f6lt\u00e4\u00e4n luokattomia <em>Turkoosiliitteit\u00e4 <\/em>sen sijaan, ett\u00e4 median ammattilaiset hoitaisivat sivuille laatua kalliimmalla hinnalla. T\u00e4m\u00e4 on vain omaa pohdintaa, ja eih\u00e4n mihink\u00e4\u00e4n ole poistunut kiekkoseuran ja mediatalon v\u00e4linen suhde, jossa ne tarvitsevat toisiaan.<\/p>\n\n\n\n<p>Seuroissa ainakin Ruotsissa ja Pohjois-Amerikasta puhumattakaan on toimistoilla ihmisi\u00e4 t\u00f6iss\u00e4 ihan raa&#8217;asti myym\u00e4ss\u00e4 lippuja peleihin. Asiakkaisiin otetaan yhteytt\u00e4 ja lippuja myyd\u00e4\u00e4n niin pitk\u00e4\u00e4n, ett\u00e4 halli on t\u00e4ynn\u00e4. Tarvittaisiinko Suomeenkin enemm\u00e4n t\u00e4llaista kulttuuria, mene ja tied\u00e4.<\/p>\n\n\n\n<p>Joka tapauksessa nyt ymp\u00e4rilt\u00e4 kuulee, kuinka kauden avaus menee ohi, Pelicansin toimistoon ei saa yhteytt\u00e4 eik\u00e4 kausikorttia lukuisista yhteydenotoista huolimatta ostettua. Pelicans saattaa olla kolmen miljoonan joukkue, mutta ep\u00e4ilykset kohdistuvat yh\u00e4 vahvemmin siihen mit\u00e4 j\u00e4\u00e4n tasoa ylemp\u00e4n\u00e4 tehd\u00e4\u00e4n \u2013 tai j\u00e4tet\u00e4\u00e4n tekem\u00e4tt\u00e4.<\/p>\n\n\n\n<p><\/p>\n\n\n\n<h3 class=\"wp-block-heading\">Lukija, l\u00e4m\u00e4\u00e4 palautetta!<\/h3>\n\n\n\n<p>Olitko jostain eri mielt\u00e4, tai tykk\u00e4\u00e4tk\u00f6 Kiekkoaktivistin kyn\u00e4ilyist\u00e4? Mit\u00e4 aihetta blogissa pit\u00e4isi k\u00e4sitell\u00e4? Kommentoi jutun per\u00e4\u00e4n tai l\u00e4het\u00e4 s\u00e4hk\u00f6postia osoitteeseen kiekkoaktivisti@gmail.com<\/p>\n","protected":false},"excerpt":{"rendered":"<p>Tiistaina 10.9.2024 aamulla oman some-kuplani sis\u00e4ll\u00e4 jaettu kommentti her\u00e4tti Liigan avausp\u00e4iv\u00e4\u00e4n. Vapaasti lainaten: &#8221;Pelicansin liigapelit alkavat, miss\u00e4 ovat ennakkojutut? Ei omilla sivuilla, ei Youtube-kanavalla, ei Etlarissa, ei Radio Voimassa, ei miss\u00e4\u00e4n. Kaksi per\u00e4kk\u00e4ist\u00e4 finaalipaikkaa, eik\u00e4 riit\u00e4&#8221;. Jokseenkin todelta n\u00e4kemys kielt\u00e4m\u00e4tt\u00e4 tuntuu, vaikka on Pelicansin digialustoilla yritetty. On jossain jotain julkaistu. Viime viikkoina on l\u00e4mmitelty CHL-otteluilla, &hellip; <a href=\"http:\/\/www.kiekkoaktivisti.fi\/index.php\/2024\/09\/20\/hei-liiga-kausi-alkoi-huomasiko-kukaan\/\" class=\"more-link\">Jatka lukemista <span class=\"screen-reader-text\">Hei, Liiga-kausi alkoi, huomasiko kukaan?<\/span><\/a><\/p>\n","protected":false},"author":1,"featured_media":0,"comment_status":"open","ping_status":"open","sticky":false,"template":"","format":"standard","meta":{"footnotes":""},"categories":[4,5,6,3],"tags":[],"class_list":["post-164","post","type-post","status-publish","format-standard","hentry","category-jaakiekkomedia","category-jaakiekkoyleiso","category-liiga","category-pelicansseura"],"_links":{"self":[{"href":"http:\/\/www.kiekkoaktivisti.fi\/index.php\/wp-json\/wp\/v2\/posts\/164"}],"collection":[{"href":"http:\/\/www.kiekkoaktivisti.fi\/index.php\/wp-json\/wp\/v2\/posts"}],"about":[{"href":"http:\/\/www.kiekkoaktivisti.fi\/index.php\/wp-json\/wp\/v2\/types\/post"}],"author":[{"embeddable":true,"href":"http:\/\/www.kiekkoaktivisti.fi\/index.php\/wp-json\/wp\/v2\/users\/1"}],"replies":[{"embeddable":true,"href":"http:\/\/www.kiekkoaktivisti.fi\/index.php\/wp-json\/wp\/v2\/comments?post=164"}],"version-history":[{"count":25,"href":"http:\/\/www.kiekkoaktivisti.fi\/index.php\/wp-json\/wp\/v2\/posts\/164\/revisions"}],"predecessor-version":[{"id":351,"href":"http:\/\/www.kiekkoaktivisti.fi\/index.php\/wp-json\/wp\/v2\/posts\/164\/revisions\/351"}],"wp:attachment":[{"href":"http:\/\/www.kiekkoaktivisti.fi\/index.php\/wp-json\/wp\/v2\/media?parent=164"}],"wp:term":[{"taxonomy":"category","embeddable":true,"href":"http:\/\/www.kiekkoaktivisti.fi\/index.php\/wp-json\/wp\/v2\/categories?post=164"},{"taxonomy":"post_tag","embeddable":true,"href":"http:\/\/www.kiekkoaktivisti.fi\/index.php\/wp-json\/wp\/v2\/tags?post=164"}],"curies":[{"name":"wp","href":"https:\/\/api.w.org\/{rel}","templated":true}]}}