{"id":504,"date":"2024-10-02T16:50:35","date_gmt":"2024-10-02T13:50:35","guid":{"rendered":"http:\/\/www.kiekkoaktivisti.fi\/?p=504"},"modified":"2024-10-02T17:06:03","modified_gmt":"2024-10-02T14:06:03","slug":"minuutin-miete-tahtiyksilot-eivat-enaa-veda-kansaa-katsomoihin","status":"publish","type":"post","link":"http:\/\/www.kiekkoaktivisti.fi\/index.php\/2024\/10\/02\/minuutin-miete-tahtiyksilot-eivat-enaa-veda-kansaa-katsomoihin\/","title":{"rendered":"Minuutin miete: T\u00e4htipelaajat eiv\u00e4t en\u00e4\u00e4 ved\u00e4 kansaa katsomoihin?"},"content":{"rendered":"\n<p>Kuulin mielenkiintoisen n\u00e4kemyksen \u00e4skett\u00e4in jutellessani Pelicansin organisaatiossa vaikuttaneen henkil\u00f6n kanssa. T\u00e4st\u00e4 on tulossa haastatteluakin l\u00e4hiaikoina, mutta keskustelusta versonnut irrallinen ajatus on oman pohdintansa v\u00e4\u00e4rti. Vapaasti lainaten:<\/p>\n\n\n\n<p><em>Takavuosina j\u00e4\u00e4kiekkoseuroille oli t\u00e4rke\u00e4\u00e4 hankkia kiinnostavia pelaajia yleis\u00f6n vetonauloiksi. En\u00e4\u00e4 se sama logiikka ei toimi. Pelaajien sijaan yleis\u00f6 tulee j\u00e4\u00e4hallille muun huuman tai yhteis\u00f6llisyyden vuoksi.<\/em><\/p>\n\n\n\n<p>Ehk\u00e4 t\u00e4ss\u00e4 on per\u00e4\u00e4. Tietenk\u00e4\u00e4n ei pid\u00e4 nyt vet\u00e4\u00e4 liian suuria johtop\u00e4\u00e4t\u00f6ksi\u00e4 vaikkapa Pelicansin alkukauden heikoista yleis\u00f6m\u00e4\u00e4rist\u00e4. Eiv\u00e4th\u00e4n joukkueen kirkkaimmat t\u00e4hdet ole edes olleet pelaamassa, ja alku on ollut h\u00e4vi\u00f6iden latistama.<\/p>\n\n\n\n<p>Mutta ajatus voi olla sik\u00e4li aivan oikeassa, ett\u00e4 nyky\u00e4\u00e4n Liigan kaikkien joukkueiden ja pelaajien otteita voi seurata netist\u00e4 l\u00e4hes joka ilta. Siihen ei tarvita hallille saapumista. Ottelutapahtumat ovat muuttuneet yh\u00e4 enemm\u00e4n sosiaalisiksi viihde-el\u00e4myksiksi, jossa yksitt\u00e4isen pelaajan rooli on katsojille pienempi. Pelataan kahden kotiottelun viikkoja, eli moni katsoja valitsee niist\u00e4 yhden, johon ehtii paikalle. Ja niin edelleen.<\/p>\n\n\n\n<p>Nyt kuitenkin Pelicans n\u00e4ytt\u00e4\u00e4 luottavan vahvasti siihen, ett\u00e4 huippujoukkue hoitaisi markkinoinnin puolestaan. Kuten on toisteltu, Pelicansilla on urheilupuoli kovassa kunnossa, mutta seuran toimiston ja markkinoinnin kyky t\u00e4ytt\u00e4\u00e4 katsomoita on t\u00e4ll\u00e4 hetkell\u00e4 todistamatta.<\/p>\n\n\n\n<p>Kenties pelkk\u00e4 voittava joukkue ei en\u00e4\u00e4 riit\u00e4, vaikka niin on aina uskottu?<\/p>\n\n\n\n<p><\/p>\n\n\n\n<p><strong>Minuutin miete<\/strong> on Kiekkoaktivisti-blogissa s\u00e4\u00e4nn\u00f6llisen ep\u00e4s\u00e4\u00e4nn\u00f6llisesti ilmestyv\u00e4 v\u00e4lipala, jossa esitet\u00e4\u00e4n lyhyt idea tai pohdinta vaihtuvasta aiheesta.<\/p>\n\n\n\n<p>Seuraa ja saa blogin tuoreimmat p\u00e4ivitykset <a href=\"http:\/\/www.facebook.com\/Kiekkoaktivisti\" target=\"_blank\" rel=\"noreferrer noopener\">Facebookissa<\/a> ja <a href=\"https:\/\/www.instagram.com\/kiekkoaktivisti\/\" target=\"_blank\" rel=\"noreferrer noopener\">Instagramissa<\/a>.<\/p>\n\n\n\n<figure class=\"wp-block-image size-large\"><img loading=\"lazy\" decoding=\"async\" width=\"1024\" height=\"201\" src=\"http:\/\/www.kiekkoaktivisti.fi\/wp-content\/uploads\/2024\/09\/Profiili-1024x201.png\" alt=\"\" class=\"wp-image-381\" srcset=\"http:\/\/www.kiekkoaktivisti.fi\/wp-content\/uploads\/2024\/09\/Profiili-1024x201.png 1024w, http:\/\/www.kiekkoaktivisti.fi\/wp-content\/uploads\/2024\/09\/Profiili-300x59.png 300w, http:\/\/www.kiekkoaktivisti.fi\/wp-content\/uploads\/2024\/09\/Profiili-768x151.png 768w, http:\/\/www.kiekkoaktivisti.fi\/wp-content\/uploads\/2024\/09\/Profiili-192x38.png 192w, http:\/\/www.kiekkoaktivisti.fi\/wp-content\/uploads\/2024\/09\/Profiili.png 1125w\" sizes=\"(max-width: 1024px) 100vw, 1024px\" \/><\/figure>\n","protected":false},"excerpt":{"rendered":"<p>Kuulin mielenkiintoisen n\u00e4kemyksen \u00e4skett\u00e4in jutellessani Pelicansin organisaatiossa vaikuttaneen henkil\u00f6n kanssa. T\u00e4st\u00e4 on tulossa haastatteluakin l\u00e4hiaikoina, mutta keskustelusta versonnut irrallinen ajatus on oman pohdintansa v\u00e4\u00e4rti. Vapaasti lainaten: Takavuosina j\u00e4\u00e4kiekkoseuroille oli t\u00e4rke\u00e4\u00e4 hankkia kiinnostavia pelaajia yleis\u00f6n vetonauloiksi. En\u00e4\u00e4 se sama logiikka ei toimi. Pelaajien sijaan yleis\u00f6 tulee j\u00e4\u00e4hallille muun huuman tai yhteis\u00f6llisyyden vuoksi. Ehk\u00e4 t\u00e4ss\u00e4 on per\u00e4\u00e4. &hellip; <a href=\"http:\/\/www.kiekkoaktivisti.fi\/index.php\/2024\/10\/02\/minuutin-miete-tahtiyksilot-eivat-enaa-veda-kansaa-katsomoihin\/\" class=\"more-link\">Jatka lukemista <span class=\"screen-reader-text\">Minuutin miete: T\u00e4htipelaajat eiv\u00e4t en\u00e4\u00e4 ved\u00e4 kansaa katsomoihin?<\/span><\/a><\/p>\n","protected":false},"author":1,"featured_media":0,"comment_status":"open","ping_status":"open","sticky":false,"template":"","format":"standard","meta":{"footnotes":""},"categories":[4,5,6,3],"tags":[],"class_list":["post-504","post","type-post","status-publish","format-standard","hentry","category-jaakiekkomedia","category-jaakiekkoyleiso","category-liiga","category-pelicansseura"],"_links":{"self":[{"href":"http:\/\/www.kiekkoaktivisti.fi\/index.php\/wp-json\/wp\/v2\/posts\/504"}],"collection":[{"href":"http:\/\/www.kiekkoaktivisti.fi\/index.php\/wp-json\/wp\/v2\/posts"}],"about":[{"href":"http:\/\/www.kiekkoaktivisti.fi\/index.php\/wp-json\/wp\/v2\/types\/post"}],"author":[{"embeddable":true,"href":"http:\/\/www.kiekkoaktivisti.fi\/index.php\/wp-json\/wp\/v2\/users\/1"}],"replies":[{"embeddable":true,"href":"http:\/\/www.kiekkoaktivisti.fi\/index.php\/wp-json\/wp\/v2\/comments?post=504"}],"version-history":[{"count":6,"href":"http:\/\/www.kiekkoaktivisti.fi\/index.php\/wp-json\/wp\/v2\/posts\/504\/revisions"}],"predecessor-version":[{"id":515,"href":"http:\/\/www.kiekkoaktivisti.fi\/index.php\/wp-json\/wp\/v2\/posts\/504\/revisions\/515"}],"wp:attachment":[{"href":"http:\/\/www.kiekkoaktivisti.fi\/index.php\/wp-json\/wp\/v2\/media?parent=504"}],"wp:term":[{"taxonomy":"category","embeddable":true,"href":"http:\/\/www.kiekkoaktivisti.fi\/index.php\/wp-json\/wp\/v2\/categories?post=504"},{"taxonomy":"post_tag","embeddable":true,"href":"http:\/\/www.kiekkoaktivisti.fi\/index.php\/wp-json\/wp\/v2\/tags?post=504"}],"curies":[{"name":"wp","href":"https:\/\/api.w.org\/{rel}","templated":true}]}}