{"id":1362,"date":"2025-01-23T11:53:18","date_gmt":"2025-01-23T08:53:18","guid":{"rendered":"http:\/\/www.kiekkoaktivisti.fi\/?p=1362"},"modified":"2025-01-23T12:29:02","modified_gmt":"2025-01-23T09:29:02","slug":"onko-tony-virta-olemassa","status":"publish","type":"post","link":"https:\/\/www.kiekkoaktivisti.fi\/index.php\/2025\/01\/23\/onko-tony-virta-olemassa\/","title":{"rendered":"Onko Tony Virta olemassa?"},"content":{"rendered":"\n<p>Olen t\u00e4ll\u00e4 kaudella seurannut pelin ohella my\u00f6s Pelicansin valmennusryhm\u00e4n toimintaa vaihtoaitiossa. Harjoituksiin en ole valitettavasti p\u00e4\u00e4ssyt. Itse asiassa urheilutoimittajien pit\u00e4isi viett\u00e4\u00e4 paljon enemm\u00e4n aikaa harjoituksissa seuraamassa urheilijoiden, valmentajien ja joukkueiden puuhia. Viel\u00e4p\u00e4 niin, ett\u00e4 ei vain katsella, vaan pyrit\u00e4\u00e4n analysoimaan mit\u00e4 harjoitellaan, mill\u00e4 tavalla, ja miten henkil\u00f6kemiat toimivat. N\u00e4m\u00e4 teot kulissien takaa paljastavat monesti mielenkiintoisia asioita.<\/p>\n\n\n\n<p><strong>Tony Virta<\/strong> tuli t\u00e4ksi kaudeksi Pelicansin toiseksi apuvalmentajaksi. Kirjoitin aiemmin tarkempia mietteit\u00e4 <a href=\"https:\/\/www.kiekkoaktivisti.fi\/index.php\/2024\/10\/29\/yli-junnilan-nelikko-vs-niemelan-nelikko\/\" target=\"_blank\" rel=\"noreferrer noopener\">Yli-Junnilan nelikosta<\/a> ja ryhm\u00e4n <a href=\"https:\/\/www.kiekkoaktivisti.fi\/index.php\/2024\/12\/16\/kaatuuko-kolmen-miljoonan-joukkue-kolmoskorin-valmennukseen\/\" target=\"_blank\" rel=\"noreferrer noopener\">mahdollisista puutteista<\/a>. Tietynlainen kokemattomuus nimenomaan Liigassa valmentamisesta yhdist\u00e4\u00e4 <strong>Juhamatti Yli-Junnilaa<\/strong>, <strong>Jussi Taipaletta<\/strong> ja Virtaa, vaikka he ovatkin jo virkavuosiltaan sin\u00e4ns\u00e4 ihan kokeneita tekij\u00f6it\u00e4.<\/p>\n\n\n\n<p>Miksi olisin Pelicansin harjoituksiin mennyt, niin olisin k\u00e4ynyt katsomassa, puhuuko Tony Virta kenellek\u00e4\u00e4n tai keille h\u00e4n puhuu, ja mit\u00e4 h\u00e4n tekee harjoitusten aikana. T\u00e4m\u00e4n haluaisin tiet\u00e4\u00e4 siksi, ett\u00e4 l\u00e4hes aina kun Pelicansin vaihtopenkki\u00e4 on otteluissa kuvattu, on Yli-Junnila seissyt l\u00e4hemp\u00e4n\u00e4 nelikon nelj\u00e4tt\u00e4 j\u00e4sent\u00e4 <strong>Toni Pasuria<\/strong> ja keskustellut l\u00e4hinn\u00e4 h\u00e4nen kanssaan. Se on ymm\u00e4rrett\u00e4v\u00e4\u00e4, ovathan he seuran sis\u00e4lt\u00e4 jo pidemm\u00e4lt\u00e4 ajalta tuttuja.<\/p>\n\n\n\n<p>Lis\u00e4ksi tiedet\u00e4\u00e4n, ett\u00e4 Yli-Junnila on ollut mikrofoniyhteydess\u00e4 katsomovalmentaja Taipaleen kanssa. Muun kolmikon h\u00e4\u00e4r\u00e4tess\u00e4 ja kommunikoidessa Virta on n\u00e4ytt\u00e4nyt seisovan vaihtoaitiossa miltei apaattisena ja hiljaisena. Tarkemmin en asiasta siis tied\u00e4, mutta silt\u00e4 se on kehonkielt\u00e4 tulkiten n\u00e4ytt\u00e4nyt.<\/p>\n\n\n<blockquote class=\"aligncenter\">\n<p>Onko Yli-Junnila kokenut, ett\u00e4 kaikki ryhm\u00e4ss\u00e4 eiv\u00e4t ole ajan tasalla, ett\u00e4 vastuuta voisi antaa?<\/p>\n<\/blockquote>\n\n\n<p>Monesti valmentajat seisovat muutaman metrin et\u00e4isyydell\u00e4 toisistaan vaihtoaitiossa, ei siin\u00e4 ole mit\u00e4\u00e4n erikoista. Virta peluuttaa hy\u00f6kk\u00e4\u00e4ji\u00e4 aition toisessa p\u00e4\u00e4ss\u00e4, Pasuri ilmeisesti puolustajia toisessa, ja Yli-Junnila on siin\u00e4 v\u00e4liss\u00e4. Voihan olla, ett\u00e4 Virralla on ollut suurikin rooli harjoituksissa, ja h\u00e4n on pystynyt eri seuroissa kertynytt\u00e4 valmennusosaamista tuomaan mukaan paljonkin. Ehk\u00e4 h\u00e4n on vain rauhallinen ja pid\u00e4ttyv\u00e4inen, ja se on h\u00e4nen tyylins\u00e4. Mutta kuinka yksin Virta on n\u00e4ytt\u00e4nyt vaihtoaitiossa olevan, se on ollut merkillist\u00e4.<\/p>\n\n\n\n<figure class=\"wp-block-image size-large\"><img loading=\"lazy\" decoding=\"async\" width=\"1024\" height=\"560\" src=\"http:\/\/www.kiekkoaktivisti.fi\/wp-content\/uploads\/2025\/01\/KA-Insta-Post-TonyVirta-1-1024x560.png\" alt=\"\" class=\"wp-image-1372\" srcset=\"https:\/\/www.kiekkoaktivisti.fi\/wp-content\/uploads\/2025\/01\/KA-Insta-Post-TonyVirta-1-1024x560.png 1024w, https:\/\/www.kiekkoaktivisti.fi\/wp-content\/uploads\/2025\/01\/KA-Insta-Post-TonyVirta-1-300x164.png 300w, https:\/\/www.kiekkoaktivisti.fi\/wp-content\/uploads\/2025\/01\/KA-Insta-Post-TonyVirta-1-768x420.png 768w, https:\/\/www.kiekkoaktivisti.fi\/wp-content\/uploads\/2025\/01\/KA-Insta-Post-TonyVirta-1-1536x839.png 1536w, https:\/\/www.kiekkoaktivisti.fi\/wp-content\/uploads\/2025\/01\/KA-Insta-Post-TonyVirta-1-192x105.png 192w, https:\/\/www.kiekkoaktivisti.fi\/wp-content\/uploads\/2025\/01\/KA-Insta-Post-TonyVirta-1.png 1570w\" sizes=\"(max-width: 1024px) 100vw, 1024px\" \/><figcaption class=\"wp-element-caption\"><strong>T\u00e4ss\u00e4 Tony Virran, Juhamatti Yli-Junnilan ja Toni Pasurin ensireaktiot K\u00e4rp\u00e4t-kotiottelun voittoon pari viikkoa sitten.<\/strong> (KUVA: MTV).<\/figcaption><\/figure>\n\n\n\n<p><\/p>\n\n\n\n<p>Kontrasti oli iso esimerkiksi JYPin valmennusryhm\u00e4\u00e4n, joka keskusteli ja liikkui aktiivisesti vaihtoaitiossa viime perjantaina. P\u00e4\u00e4valmentaja <strong>Johan Pennerbornilla<\/strong> n\u00e4ytti olevan asiaa molemmille apuvalmentajilleen, ja heill\u00e4 h\u00e4nelle. Kuten monesti kuuluukin olla pelin aikana. No ne ruotsalaiset ovat niit\u00e4 &#8221;diskuteeraajia&#8221;. Yli-Junnilan olemus on huokunut v\u00e4h\u00e4n suomalaisempaa juroutta.<\/p>\n\n\n\n<p>Spekuloida voi tosiaan sill\u00e4kin, ett\u00e4 onko Yli-Junnila osannut jakaa vastuuta apulaisilleen, kuten hyv\u00e4t p\u00e4\u00e4valmentajat tekev\u00e4t. Menestymiseen tarvitaan nyky\u00e4\u00e4n kaikkien vahva panos. Vai onko Yli-Junnila kokenut, ett\u00e4 kaikki ryhm\u00e4ss\u00e4 eiv\u00e4t ole ajan tasalla, ett\u00e4 vastuuta voisi antaa? Toimivatko henkil\u00f6suhteet? <\/p>\n\n\n\n<p>Kuka itse asiassa kokosi Pelicansin valmennusryhm\u00e4n, seuran pitk\u00e4\u00e4n kypsytt\u00e4m\u00e4 Yli-Junnila vai joku muu? Saatiinko apuvalmentajiksi ne ykk\u00f6svaihtoehdot jotka haluttiin? Pieni sivuhuomio asiaan on sekin, ett\u00e4 Virta on urheilutoimenjohtaja <strong>Janne Laukkasen<\/strong> vanha tuttu HPK:sta jo pelaajauralta, ja oli HPK:n organisaatiossa juniorivalmentajana silloin kun Laukkanen toimi seuran pelaajakoordinaattorina. Laukkanen on velho hankkimaan pelaajia, mutta tapahtuiko t\u00e4ss\u00e4 jokin erhe?<\/p>\n\n\n\n<p>Ja muistetaanhan viel\u00e4 se kysymys, aina kun Pelicansista on kyse, ett\u00e4 onko valmennusryhm\u00e4 saanut tehd\u00e4 ty\u00f6t\u00e4\u00e4n rauhassa omaan yhteiseen n\u00e4kemykseens\u00e4 nojaten.<\/p>\n\n\n\n<p>Kuten todettua, kaikki t\u00e4m\u00e4 on vain tulkintaa siit\u00e4 mit\u00e4 on ollut kaikkien n\u00e4ht\u00e4vill\u00e4. Kaikille Pelicansin valmennusryhm\u00e4n j\u00e4senille on varmasti edess\u00e4 viel\u00e4 paljon t\u00f6it\u00e4 t\u00e4ll\u00e4 saralla, vaikka t\u00e4st\u00e4 projektista tahra paitaan j\u00e4\u00e4kin. Paljon on avoimia kysymyksi\u00e4, ja vastaukset niihin saattaisivat selitt\u00e4\u00e4 paljon miksi joukkueen tekeminen on l\u00e4htenyt sellaiseen sy\u00f6ksykierteeseen t\u00e4ll\u00e4 kaudella.<\/p>\n\n\n\n<figure class=\"wp-block-image size-large\"><img loading=\"lazy\" decoding=\"async\" width=\"1024\" height=\"201\" src=\"http:\/\/www.kiekkoaktivisti.fi\/wp-content\/uploads\/2024\/10\/Profiili-1024x201.png\" alt=\"\" class=\"wp-image-686\" srcset=\"https:\/\/www.kiekkoaktivisti.fi\/wp-content\/uploads\/2024\/10\/Profiili-1024x201.png 1024w, https:\/\/www.kiekkoaktivisti.fi\/wp-content\/uploads\/2024\/10\/Profiili-300x59.png 300w, https:\/\/www.kiekkoaktivisti.fi\/wp-content\/uploads\/2024\/10\/Profiili-768x151.png 768w, https:\/\/www.kiekkoaktivisti.fi\/wp-content\/uploads\/2024\/10\/Profiili-192x38.png 192w, https:\/\/www.kiekkoaktivisti.fi\/wp-content\/uploads\/2024\/10\/Profiili.png 1125w\" sizes=\"(max-width: 1024px) 100vw, 1024px\" \/><\/figure>\n\n\n\n<p>Seuraa ja saa blogin tuoreimmat p\u00e4ivitykset <a href=\"http:\/\/www.facebook.com\/Kiekkoaktivisti\" target=\"_blank\" rel=\"noreferrer noopener\">Facebookissa<\/a> ja <a href=\"https:\/\/www.instagram.com\/kiekkoaktivisti\/\" target=\"_blank\" rel=\"noreferrer noopener\">Instagramissa<\/a>, tai j\u00e4t\u00e4 kommentti alla olevaan laatikkoon.<\/p>\n\n\n\n<p><\/p>\n","protected":false},"excerpt":{"rendered":"<p>Olen t\u00e4ll\u00e4 kaudella seurannut pelin ohella my\u00f6s Pelicansin valmennusryhm\u00e4n toimintaa vaihtoaitiossa. Harjoituksiin en ole valitettavasti p\u00e4\u00e4ssyt. Itse asiassa urheilutoimittajien pit\u00e4isi viett\u00e4\u00e4 paljon enemm\u00e4n aikaa harjoituksissa seuraamassa urheilijoiden, valmentajien ja joukkueiden puuhia. Viel\u00e4p\u00e4 niin, ett\u00e4 ei vain katsella, vaan pyrit\u00e4\u00e4n analysoimaan mit\u00e4 harjoitellaan, mill\u00e4 tavalla, ja miten henkil\u00f6kemiat toimivat. N\u00e4m\u00e4 teot kulissien takaa paljastavat monesti mielenkiintoisia &hellip; <a href=\"https:\/\/www.kiekkoaktivisti.fi\/index.php\/2025\/01\/23\/onko-tony-virta-olemassa\/\" class=\"more-link\">Jatka lukemista <span class=\"screen-reader-text\">Onko Tony Virta olemassa?<\/span><\/a><\/p>\n","protected":false},"author":1,"featured_media":0,"comment_status":"open","ping_status":"open","sticky":false,"template":"","format":"standard","meta":{"footnotes":""},"categories":[4,6,2,3],"tags":[34,28,29,31,30],"class_list":["post-1362","post","type-post","status-publish","format-standard","hentry","category-jaakiekkomedia","category-liiga","category-pelicansjoukkue","category-pelicansseura","tag-janne-laukkanen","tag-juhamatti-yli-junnila","tag-jussi-taipale","tag-toni-pasuri","tag-tony-virta"],"_links":{"self":[{"href":"https:\/\/www.kiekkoaktivisti.fi\/index.php\/wp-json\/wp\/v2\/posts\/1362"}],"collection":[{"href":"https:\/\/www.kiekkoaktivisti.fi\/index.php\/wp-json\/wp\/v2\/posts"}],"about":[{"href":"https:\/\/www.kiekkoaktivisti.fi\/index.php\/wp-json\/wp\/v2\/types\/post"}],"author":[{"embeddable":true,"href":"https:\/\/www.kiekkoaktivisti.fi\/index.php\/wp-json\/wp\/v2\/users\/1"}],"replies":[{"embeddable":true,"href":"https:\/\/www.kiekkoaktivisti.fi\/index.php\/wp-json\/wp\/v2\/comments?post=1362"}],"version-history":[{"count":10,"href":"https:\/\/www.kiekkoaktivisti.fi\/index.php\/wp-json\/wp\/v2\/posts\/1362\/revisions"}],"predecessor-version":[{"id":1377,"href":"https:\/\/www.kiekkoaktivisti.fi\/index.php\/wp-json\/wp\/v2\/posts\/1362\/revisions\/1377"}],"wp:attachment":[{"href":"https:\/\/www.kiekkoaktivisti.fi\/index.php\/wp-json\/wp\/v2\/media?parent=1362"}],"wp:term":[{"taxonomy":"category","embeddable":true,"href":"https:\/\/www.kiekkoaktivisti.fi\/index.php\/wp-json\/wp\/v2\/categories?post=1362"},{"taxonomy":"post_tag","embeddable":true,"href":"https:\/\/www.kiekkoaktivisti.fi\/index.php\/wp-json\/wp\/v2\/tags?post=1362"}],"curies":[{"name":"wp","href":"https:\/\/api.w.org\/{rel}","templated":true}]}}